{"id":566,"date":"2017-03-30T20:57:41","date_gmt":"2017-03-30T18:57:41","guid":{"rendered":"https:\/\/tiszalucihorgasz.hu\/?p=566"},"modified":"2017-03-30T20:57:41","modified_gmt":"2017-03-30T18:57:41","slug":"uj-napijegy-arusito-hellyel-bovultunk","status":"publish","type":"post","link":"https:\/\/tiszalucihorgasz.hu\/index.php\/2017\/03\/30\/uj-napijegy-arusito-hellyel-bovultunk\/","title":{"rendered":"\u00daJ NAPIJEGY \u00c1RUS\u00cdT\u00d3 HELLYEL B\u0150V\u00dcLT\u00dcNK!!!"},"content":{"rendered":"<p style=\"text-align: left;\">T\u00e1j\u00e9koztatjuk tisztelt horg\u00e1szainkat, hogy a Tiszal\u00faci Holt-Tisz\u00e1ra \u00e9rv\u00e9nyes feln\u0151tt napijegyek 2017. m\u00e1rcius 30.-t\u00f3l megv\u00e1sarolhat\u00f3ak Tisza\u00fajv\u00e1rosban a Saj\u00f3 Horg\u00e1szboltban.<\/p>\n<p style=\"text-align: center;\"><span style=\"text-decoration: underline;\"><strong>Saj\u00f3 Horg\u00e1szbolt<\/strong><\/span><\/p>\n<p style=\"text-align: center;\"><img loading=\"lazy\" decoding=\"async\" class=\"aligncenter size-medium wp-image-564\" src=\"https:\/\/tiszalucihorgasz.hu\/wp-content\/uploads\/2016\/03\/17505167_1362347403808360_7384343513756670794_o-300x167.jpg\" alt=\"\" width=\"300\" height=\"167\" srcset=\"https:\/\/tiszalucihorgasz.hu\/wp-content\/uploads\/2016\/03\/17505167_1362347403808360_7384343513756670794_o-300x167.jpg 300w, https:\/\/tiszalucihorgasz.hu\/wp-content\/uploads\/2016\/03\/17505167_1362347403808360_7384343513756670794_o-768x427.jpg 768w, https:\/\/tiszalucihorgasz.hu\/wp-content\/uploads\/2016\/03\/17505167_1362347403808360_7384343513756670794_o-1024x569.jpg 1024w, https:\/\/tiszalucihorgasz.hu\/wp-content\/uploads\/2016\/03\/17505167_1362347403808360_7384343513756670794_o.jpg 1440w\" sizes=\"auto, (max-width: 300px) 100vw, 300px\" \/><\/p>\n<p style=\"text-align: center;\">3580 Tisza\u00fajv\u00e1ros, Szent Istv\u00e1n \u00fat 29-31.<\/p>\n<p style=\"text-align: center;\">Nyitva tart\u00e1s:\u00a0H\u00c9TF\u0150T\u0150L P\u00c9NTEKIG: 8.00-17.00\u00a0SZOMBAT: 8.00-12.00<\/p>\n<p style=\"text-align: center;\"><a title=\"Saj\u00f3 Horg\u00e1szbolt\" href=\"http:\/\/www.sajohorgaszbolt.hu\/index.php\/elerhetoseg\" target=\"_blank\">http:\/\/www.sajohorgaszbolt.hu\/index.php\/elerhetoseg<\/a><\/p>\n","protected":false},"excerpt":{"rendered":"<p>T\u00e1j\u00e9koztatjuk tisztelt horg\u00e1szainkat, hogy a Tiszal\u00faci Holt-Tisz\u00e1ra \u00e9rv\u00e9nyes feln\u0151tt napijegyek 2017. m\u00e1rcius 30.-t\u00f3l megv\u00e1sarolhat\u00f3ak Tisza\u00fajv\u00e1rosban a Saj\u00f3 Horg\u00e1szboltban. Saj\u00f3 Horg\u00e1szbolt 3580 Tisza\u00fajv\u00e1ros, Szent Istv\u00e1n \u00fat 29-31. Nyitva tart\u00e1s:\u00a0H\u00c9TF\u0150T\u0150L P\u00c9NTEKIG: 8.00-17.00\u00a0SZOMBAT: 8.00-12.00 http:\/\/www.sajohorgaszbolt.hu\/index.php\/elerhetoseg<\/p>\n","protected":false},"author":1,"featured_media":0,"comment_status":"closed","ping_status":"closed","sticky":false,"template":"","format":"standard","meta":{"footnotes":""},"categories":[1],"tags":[],"class_list":["post-566","post","type-post","status-publish","format-standard","hentry","category-fooldal"],"_links":{"self":[{"href":"https:\/\/tiszalucihorgasz.hu\/index.php\/wp-json\/wp\/v2\/posts\/566","targetHints":{"allow":["GET"]}}],"collection":[{"href":"https:\/\/tiszalucihorgasz.hu\/index.php\/wp-json\/wp\/v2\/posts"}],"about":[{"href":"https:\/\/tiszalucihorgasz.hu\/index.php\/wp-json\/wp\/v2\/types\/post"}],"author":[{"embeddable":true,"href":"https:\/\/tiszalucihorgasz.hu\/index.php\/wp-json\/wp\/v2\/users\/1"}],"replies":[{"embeddable":true,"href":"https:\/\/tiszalucihorgasz.hu\/index.php\/wp-json\/wp\/v2\/comments?post=566"}],"version-history":[{"count":1,"href":"https:\/\/tiszalucihorgasz.hu\/index.php\/wp-json\/wp\/v2\/posts\/566\/revisions"}],"predecessor-version":[{"id":567,"href":"https:\/\/tiszalucihorgasz.hu\/index.php\/wp-json\/wp\/v2\/posts\/566\/revisions\/567"}],"wp:attachment":[{"href":"https:\/\/tiszalucihorgasz.hu\/index.php\/wp-json\/wp\/v2\/media?parent=566"}],"wp:term":[{"taxonomy":"category","embeddable":true,"href":"https:\/\/tiszalucihorgasz.hu\/index.php\/wp-json\/wp\/v2\/categories?post=566"},{"taxonomy":"post_tag","embeddable":true,"href":"https:\/\/tiszalucihorgasz.hu\/index.php\/wp-json\/wp\/v2\/tags?post=566"}],"curies":[{"name":"wp","href":"https:\/\/api.w.org\/{rel}","templated":true}]}}