{"id":526,"date":"2017-03-14T18:37:48","date_gmt":"2017-03-14T17:37:48","guid":{"rendered":"https:\/\/tiszalucihorgasz.hu\/?p=526"},"modified":"2017-03-14T18:37:48","modified_gmt":"2017-03-14T17:37:48","slug":"tajekoztatas-telepitesrol","status":"publish","type":"post","link":"https:\/\/tiszalucihorgasz.hu\/index.php\/2017\/03\/14\/tajekoztatas-telepitesrol\/","title":{"rendered":"T\u00c1J\u00c9KOZTAT\u00c1S TELEP\u00cdT\u00c9SR\u0150L!!!"},"content":{"rendered":"<p>&nbsp;<\/p>\n<p>A Sporthorg\u00e1sz Egyes\u00fclet Tiszal\u00fac a hasznos\u00edt\u00e1s\u00e1ban l\u00e9v\u0151 Tiszal\u00faci Holt-Tisza v\u00edzter\u00fcleten (v\u00edzt\u00e9rk\u00f3d: 05-112-1-1, 05-113-1-1) haltelep\u00edt\u00e9st v\u00e9gez 2017. m\u00e1rcius 17.-\u00e9n \/p\u00e9ntek\/ az Aranyponty Zrt. \u00e1llom\u00e1ny\u00e1b\u00f3l.<\/p>\n<p>A telep\u00edt\u00e9s v\u00e1rhat\u00f3 id\u0151pontja: 2017.03.17. kb. 12:00-14:00 \u00f3ra k\u00f6z\u00f6tti id\u0151szakban.<\/p>\n<p>Telep\u00edt\u00e9s helye: Tiszal\u00faci Holt-Tisza (\u00dcd\u00fcl\u0151telep, B\u00e1r\u00e1nyszeg)<\/p>\n<p>Tervezett telep\u00edtend\u0151 halmennyis\u00e9g:<br \/>\nKb. 2 000 kg. III. nyaras ponty \u00e9s Kb. 1 000 kg. II. nyaras ponty.<\/p>\n<p>A B\u00e1r\u00e1nyszegben t\u00f6rt\u00e9n\u0151 halkihelyez\u00e9shez \u00f6nk\u00e9ntes seg\u00edt\u0151k jelentkez\u00e9s\u00e9t v\u00e1rjuk, mivel a v\u00edzpart megk\u00f6zel\u00edthet\u0151s\u00e9ge miatt a telep\u00edteni k\u00edv\u00e1nt halak csak &#8222;kosaraz\u00e1ssal&#8221; juttathat\u00f3k a v\u00edzbe.<\/p>\n<p>Minden \u00e9rdekl\u0151d\u0151t \u00e9s seg\u00edteni tud\u00f3t sok szeretettel v\u00e1runk!!!<\/p>\n","protected":false},"excerpt":{"rendered":"<p>&nbsp; A Sporthorg\u00e1sz Egyes\u00fclet Tiszal\u00fac a hasznos\u00edt\u00e1s\u00e1ban l\u00e9v\u0151 Tiszal\u00faci Holt-Tisza v\u00edzter\u00fcleten (v\u00edzt\u00e9rk\u00f3d: 05-112-1-1, 05-113-1-1) haltelep\u00edt\u00e9st v\u00e9gez 2017. m\u00e1rcius 17.-\u00e9n \/p\u00e9ntek\/ az Aranyponty Zrt. \u00e1llom\u00e1ny\u00e1b\u00f3l. A telep\u00edt\u00e9s v\u00e1rhat\u00f3 id\u0151pontja: 2017.03.17. kb. 12:00-14:00 \u00f3ra k\u00f6z\u00f6tti id\u0151szakban. Telep\u00edt\u00e9s helye: Tiszal\u00faci Holt-Tisza (\u00dcd\u00fcl\u0151telep, B\u00e1r\u00e1nyszeg) &hellip; <a href=\"https:\/\/tiszalucihorgasz.hu\/index.php\/2017\/03\/14\/tajekoztatas-telepitesrol\/\">Egy kattint\u00e1s ide a folytat\u00e1shoz&#8230;. <span class=\"meta-nav\">&rarr;<\/span><\/a><\/p>\n","protected":false},"author":1,"featured_media":0,"comment_status":"closed","ping_status":"closed","sticky":false,"template":"","format":"standard","meta":{"footnotes":""},"categories":[1],"tags":[],"class_list":["post-526","post","type-post","status-publish","format-standard","hentry","category-fooldal"],"_links":{"self":[{"href":"https:\/\/tiszalucihorgasz.hu\/index.php\/wp-json\/wp\/v2\/posts\/526","targetHints":{"allow":["GET"]}}],"collection":[{"href":"https:\/\/tiszalucihorgasz.hu\/index.php\/wp-json\/wp\/v2\/posts"}],"about":[{"href":"https:\/\/tiszalucihorgasz.hu\/index.php\/wp-json\/wp\/v2\/types\/post"}],"author":[{"embeddable":true,"href":"https:\/\/tiszalucihorgasz.hu\/index.php\/wp-json\/wp\/v2\/users\/1"}],"replies":[{"embeddable":true,"href":"https:\/\/tiszalucihorgasz.hu\/index.php\/wp-json\/wp\/v2\/comments?post=526"}],"version-history":[{"count":1,"href":"https:\/\/tiszalucihorgasz.hu\/index.php\/wp-json\/wp\/v2\/posts\/526\/revisions"}],"predecessor-version":[{"id":527,"href":"https:\/\/tiszalucihorgasz.hu\/index.php\/wp-json\/wp\/v2\/posts\/526\/revisions\/527"}],"wp:attachment":[{"href":"https:\/\/tiszalucihorgasz.hu\/index.php\/wp-json\/wp\/v2\/media?parent=526"}],"wp:term":[{"taxonomy":"category","embeddable":true,"href":"https:\/\/tiszalucihorgasz.hu\/index.php\/wp-json\/wp\/v2\/categories?post=526"},{"taxonomy":"post_tag","embeddable":true,"href":"https:\/\/tiszalucihorgasz.hu\/index.php\/wp-json\/wp\/v2\/tags?post=526"}],"curies":[{"name":"wp","href":"https:\/\/api.w.org\/{rel}","templated":true}]}}