{"id":3470,"date":"2026-03-08T08:40:11","date_gmt":"2026-03-08T07:40:11","guid":{"rendered":"https:\/\/tiszalucihorgasz.hu\/?p=3470"},"modified":"2026-03-08T08:40:12","modified_gmt":"2026-03-08T07:40:12","slug":"beszamolo-kozgyules-2026-marcius-7","status":"publish","type":"post","link":"https:\/\/tiszalucihorgasz.hu\/index.php\/2026\/03\/08\/beszamolo-kozgyules-2026-marcius-7\/","title":{"rendered":"BESZ\u00c1MOL\u00d3 K\u00d6ZGY\u0170L\u00c9S 2026. m\u00e1rcius 7."},"content":{"rendered":"\n<p>Ma tartotta egyes\u00fclet\u00fcnk a hagyom\u00e1nyos \u00e9ves besz\u00e1mol\u00f3 k\u00f6zgy\u0171l\u00e9s\u00e9t, melynek a szok\u00e1soknak megfelel\u0151en a helysz\u00edn a Pet\u0151fi S\u00e1ndor M\u00favel\u0151d\u00e9si H\u00e1z volt.<\/p>\n\n\n\n<p>A k\u00f6zgy\u0171l\u00e9st megel\u0151z\u0151en R\u00e1cz L\u00e1szl\u00f3 a Tiszai V\u00edzirend\u00e9szeti Rend\u0151rkapt\u00e1nys\u00e1g Tiszal\u00f6ki k\u00f6rzeti megb\u00edzottja tartott t\u00e1j\u00e9koztat\u00e1st a horg\u00e1szat, hal\u00e1szat \u00e9s v\u00edzi k\u00f6zleked\u00e9s szab\u00e1lyaival kapcsolatosan \u00e9s v\u00e1laszolt a megjelentek k\u00e9rd\u00e9seire is.<\/p>\n\n\n\n<p>A K\u00f6zgy\u0171l\u00e9sen a napirendnek megfelel\u0151en elhangzott az egyes\u00fclet 2025 \u00e9vi munk\u00e1j\u00e1r\u00f3l sz\u00f3l\u00f3 besz\u00e1mol\u00f3, valamint ismertet\u00e9sre ker\u00fcltek a 2026. \u00e9vi tervek is.<\/p>\n\n\n\n<p>Az egyes\u00fclet gazd\u00e1lkod\u00e1s\u00e1val kapcsolatos 2025. \u00e9vi besz\u00e1mol\u00f3 elfogad\u00e1sa ut\u00e1n a 2026. \u00e9vi p\u00e9nz\u00fcgyi tervr\u0151l esett sz\u00f3.<\/p>\n\n\n\n<p>Elhangzott a Fel\u00fcgyel\u0151 \u00e9s Fegyelmi bizotts\u00e1g besz\u00e1mol\u00f3ja.<\/p>\n\n\n\n<p>Az idei tiszt\u00faj\u00edt\u00e1ssal kapcsolatosan megv\u00e1laszt\u00e1sra ker\u00fclt a Jel\u00f6l\u0151 \u00e9s Szavazatsz\u00e1ml\u00e1l\u00f3 bizotts\u00e1g.<\/p>\n\n\n\n<p>Az egyes\u00fclet eln\u00f6ks\u00e9ge felhatalmaz\u00e1st kapott a 2027. \u00e9vi ter\u00fcleti enged\u00e9ly \u00e1rak meghat\u00e1roz\u00e1s\u00e1ra.<\/p>\n\n\n\n<p>Az utols\u00f3 napirendi pontban pedig a megjelent tagok \u00e1ltal feltett k\u00e9rd\u00e9sek ker\u00fcltek megbesz\u00e9l\u00e9sre \u00e9s megv\u00e1laszol\u00e1sra.<\/p>\n\n\n\n<p>K\u00f6sz\u00f6nj\u00fck valamennyi megjelentnek a r\u00e9szv\u00e9telt!<\/p>\n\n\n\n<p>SHE Tiszal\u00fac eln\u00f6ks\u00e9ge<\/p>\n\n\n\n<figure class=\"wp-block-image size-large\"><img loading=\"lazy\" decoding=\"async\" width=\"1024\" height=\"461\" src=\"https:\/\/tiszalucihorgasz.hu\/wp-content\/uploads\/2026\/03\/IMG_5572-1024x461.jpeg\" alt=\"\" class=\"wp-image-3471\" srcset=\"https:\/\/tiszalucihorgasz.hu\/wp-content\/uploads\/2026\/03\/IMG_5572-1024x461.jpeg 1024w, https:\/\/tiszalucihorgasz.hu\/wp-content\/uploads\/2026\/03\/IMG_5572-300x135.jpeg 300w, https:\/\/tiszalucihorgasz.hu\/wp-content\/uploads\/2026\/03\/IMG_5572-768x345.jpeg 768w, https:\/\/tiszalucihorgasz.hu\/wp-content\/uploads\/2026\/03\/IMG_5572-1536x691.jpeg 1536w, https:\/\/tiszalucihorgasz.hu\/wp-content\/uploads\/2026\/03\/IMG_5572.jpeg 2048w\" sizes=\"auto, (max-width: 1024px) 100vw, 1024px\" \/><\/figure>\n","protected":false},"excerpt":{"rendered":"<p>Ma tartotta egyes\u00fclet\u00fcnk a hagyom\u00e1nyos \u00e9ves besz\u00e1mol\u00f3 k\u00f6zgy\u0171l\u00e9s\u00e9t, melynek a szok\u00e1soknak megfelel\u0151en a helysz\u00edn a Pet\u0151fi S\u00e1ndor M\u00favel\u0151d\u00e9si H\u00e1z volt. A k\u00f6zgy\u0171l\u00e9st megel\u0151z\u0151en R\u00e1cz L\u00e1szl\u00f3 a Tiszai V\u00edzirend\u00e9szeti Rend\u0151rkapt\u00e1nys\u00e1g Tiszal\u00f6ki k\u00f6rzeti megb\u00edzottja tartott t\u00e1j\u00e9koztat\u00e1st a horg\u00e1szat, hal\u00e1szat \u00e9s v\u00edzi k\u00f6zleked\u00e9s &hellip; <a href=\"https:\/\/tiszalucihorgasz.hu\/index.php\/2026\/03\/08\/beszamolo-kozgyules-2026-marcius-7\/\">Egy kattint\u00e1s ide a folytat\u00e1shoz&#8230;. <span class=\"meta-nav\">&rarr;<\/span><\/a><\/p>\n","protected":false},"author":1,"featured_media":0,"comment_status":"closed","ping_status":"closed","sticky":false,"template":"","format":"standard","meta":{"footnotes":""},"categories":[1],"tags":[],"class_list":["post-3470","post","type-post","status-publish","format-standard","hentry","category-fooldal"],"_links":{"self":[{"href":"https:\/\/tiszalucihorgasz.hu\/index.php\/wp-json\/wp\/v2\/posts\/3470","targetHints":{"allow":["GET"]}}],"collection":[{"href":"https:\/\/tiszalucihorgasz.hu\/index.php\/wp-json\/wp\/v2\/posts"}],"about":[{"href":"https:\/\/tiszalucihorgasz.hu\/index.php\/wp-json\/wp\/v2\/types\/post"}],"author":[{"embeddable":true,"href":"https:\/\/tiszalucihorgasz.hu\/index.php\/wp-json\/wp\/v2\/users\/1"}],"replies":[{"embeddable":true,"href":"https:\/\/tiszalucihorgasz.hu\/index.php\/wp-json\/wp\/v2\/comments?post=3470"}],"version-history":[{"count":1,"href":"https:\/\/tiszalucihorgasz.hu\/index.php\/wp-json\/wp\/v2\/posts\/3470\/revisions"}],"predecessor-version":[{"id":3472,"href":"https:\/\/tiszalucihorgasz.hu\/index.php\/wp-json\/wp\/v2\/posts\/3470\/revisions\/3472"}],"wp:attachment":[{"href":"https:\/\/tiszalucihorgasz.hu\/index.php\/wp-json\/wp\/v2\/media?parent=3470"}],"wp:term":[{"taxonomy":"category","embeddable":true,"href":"https:\/\/tiszalucihorgasz.hu\/index.php\/wp-json\/wp\/v2\/categories?post=3470"},{"taxonomy":"post_tag","embeddable":true,"href":"https:\/\/tiszalucihorgasz.hu\/index.php\/wp-json\/wp\/v2\/tags?post=3470"}],"curies":[{"name":"wp","href":"https:\/\/api.w.org\/{rel}","templated":true}]}}