{"id":3265,"date":"2025-11-23T09:32:53","date_gmt":"2025-11-23T08:32:53","guid":{"rendered":"https:\/\/tiszalucihorgasz.hu\/?p=3265"},"modified":"2025-11-23T09:35:46","modified_gmt":"2025-11-23T08:35:46","slug":"tajekoztatas-a-tiszaluci-holt-tisza-vizpotlasanak-megkezdeserol","status":"publish","type":"post","link":"https:\/\/tiszalucihorgasz.hu\/index.php\/2025\/11\/23\/tajekoztatas-a-tiszaluci-holt-tisza-vizpotlasanak-megkezdeserol\/","title":{"rendered":"T\u00c1J\u00c9KOZTAT\u00c1S A TISZAL\u00daCI HOLT-TISZA V\u00cdZP\u00d3TL\u00c1S\u00c1NAK MEGKEZD\u00c9S\u00c9R\u0150L"},"content":{"rendered":"\n<p>2025. november 11-\u00e9n megkezd\u0151d\u00f6tt a Holt\u00e1g v\u00edzp\u00f3tl\u00e1sa.<\/p>\n\n\n\n<p>Csod\u00e1t nem tett\u00fcnk, de siker\u00fclt megteremteni a lass\u00fa \u00fctem\u0171 v\u00edzbereszt\u00e9s felt\u00e9teleit a jelenleg egyetlen v\u00edzp\u00f3tl\u00e1si \u00fatvonalon, a Takta-csatorn\u00e1n kereszt\u00fcl.<\/p>\n\n\n\n<p>Legy\u00fcnk t\u00fcrelmesek, a v\u00edz imm\u00e1r befel\u00e9 folyik a Tiszal\u00faci Holt-Tisz\u00e1ba \u00e9s rem\u00e9nyeink szerint j\u00f3 esetben kb. 50 centim\u00e9terrel siker\u00fcl majd a v\u00edzszintet megemelni. Term\u00e9szetesen, ha az id\u0151j\u00e1r\u00e1s csapad\u00e9kosabbra fordul \u00e9s a Takta v\u00edzszintj\u00e9re hat\u00e1ssal lev\u0151 foly\u00f3ink (Tisza \u00e9s Saj\u00f3) v\u00edzhozama is megn\u0151, akkor a felt\u00f6lt\u00e9si folyamat is jelent\u0151sen felgyorsulhat.<\/p>\n\n\n\n<p>B\u00edzunk benne, hogy v\u00edzter\u00fclet \u00f6kol\u00f3giai \u00e1llapot\u00e1nak jav\u00edt\u00e1sa \u00e9rdek\u00e9ben tett beavatkoz\u00e1sunk k\u00e9zzelfoghat\u00f3 eredm\u00e9nnyel j\u00e1r valamennyi, a term\u00e9szetet \u00e9s lak\u00f3hely\u00fcnk term\u00e9szeti k\u00f6rnyezet\u00e9nek meg\u00f3v\u00e1s\u00e1t fontosnak tart\u00f3 megel\u00e9ged\u00e9s\u00e9re.<\/p>\n\n\n\n<p>Ez\u00faton is k\u00f6sz\u00f6nj\u00fck minden beavatkoz\u00e1sban r\u00e9sztvev\u0151 munk\u00e1j\u00e1t!<\/p>\n\n\n\n<p>Nem \u00e1llunk meg, dolgozunk tov\u00e1bb!!!<\/p>\n\n\n\n<p><\/p>\n","protected":false},"excerpt":{"rendered":"<p>2025. november 11-\u00e9n megkezd\u0151d\u00f6tt a Holt\u00e1g v\u00edzp\u00f3tl\u00e1sa. Csod\u00e1t nem tett\u00fcnk, de siker\u00fclt megteremteni a lass\u00fa \u00fctem\u0171 v\u00edzbereszt\u00e9s felt\u00e9teleit a jelenleg egyetlen v\u00edzp\u00f3tl\u00e1si \u00fatvonalon, a Takta-csatorn\u00e1n kereszt\u00fcl. Legy\u00fcnk t\u00fcrelmesek, a v\u00edz imm\u00e1r befel\u00e9 folyik a Tiszal\u00faci Holt-Tisz\u00e1ba \u00e9s rem\u00e9nyeink szerint j\u00f3 &hellip; <a href=\"https:\/\/tiszalucihorgasz.hu\/index.php\/2025\/11\/23\/tajekoztatas-a-tiszaluci-holt-tisza-vizpotlasanak-megkezdeserol\/\">Egy kattint\u00e1s ide a folytat\u00e1shoz&#8230;. <span class=\"meta-nav\">&rarr;<\/span><\/a><\/p>\n","protected":false},"author":1,"featured_media":0,"comment_status":"closed","ping_status":"closed","sticky":false,"template":"","format":"standard","meta":{"footnotes":""},"categories":[1],"tags":[],"class_list":["post-3265","post","type-post","status-publish","format-standard","hentry","category-fooldal"],"_links":{"self":[{"href":"https:\/\/tiszalucihorgasz.hu\/index.php\/wp-json\/wp\/v2\/posts\/3265","targetHints":{"allow":["GET"]}}],"collection":[{"href":"https:\/\/tiszalucihorgasz.hu\/index.php\/wp-json\/wp\/v2\/posts"}],"about":[{"href":"https:\/\/tiszalucihorgasz.hu\/index.php\/wp-json\/wp\/v2\/types\/post"}],"author":[{"embeddable":true,"href":"https:\/\/tiszalucihorgasz.hu\/index.php\/wp-json\/wp\/v2\/users\/1"}],"replies":[{"embeddable":true,"href":"https:\/\/tiszalucihorgasz.hu\/index.php\/wp-json\/wp\/v2\/comments?post=3265"}],"version-history":[{"count":2,"href":"https:\/\/tiszalucihorgasz.hu\/index.php\/wp-json\/wp\/v2\/posts\/3265\/revisions"}],"predecessor-version":[{"id":3268,"href":"https:\/\/tiszalucihorgasz.hu\/index.php\/wp-json\/wp\/v2\/posts\/3265\/revisions\/3268"}],"wp:attachment":[{"href":"https:\/\/tiszalucihorgasz.hu\/index.php\/wp-json\/wp\/v2\/media?parent=3265"}],"wp:term":[{"taxonomy":"category","embeddable":true,"href":"https:\/\/tiszalucihorgasz.hu\/index.php\/wp-json\/wp\/v2\/categories?post=3265"},{"taxonomy":"post_tag","embeddable":true,"href":"https:\/\/tiszalucihorgasz.hu\/index.php\/wp-json\/wp\/v2\/tags?post=3265"}],"curies":[{"name":"wp","href":"https:\/\/api.w.org\/{rel}","templated":true}]}}