{"id":3202,"date":"2025-08-27T08:52:12","date_gmt":"2025-08-27T06:52:12","guid":{"rendered":"https:\/\/tiszalucihorgasz.hu\/?p=3202"},"modified":"2025-08-27T08:52:12","modified_gmt":"2025-08-27T06:52:12","slug":"tajekoztatas-a-torpeharcsa-szelektiv-halaszatanak-megkezdeserol-2","status":"publish","type":"post","link":"https:\/\/tiszalucihorgasz.hu\/index.php\/2025\/08\/27\/tajekoztatas-a-torpeharcsa-szelektiv-halaszatanak-megkezdeserol-2\/","title":{"rendered":"T\u00c1J\u00c9KOZTAT\u00c1S A T\u00d6RPEHARCSA SZELEKT\u00cdV HAL\u00c1SZAT\u00c1NAK MEGKEZD\u00c9S\u00c9R\u0150L"},"content":{"rendered":"\n<p>T\u00e1j\u00e9koztatjuk a Tisztelt Tags\u00e1gunkat \u00e9s Horg\u00e1szainkat, hogy a t\u00f6rpeharcsa szelekt\u00edv hal\u00e1szata 2025. szeptember 1-\u00e9n \/h\u00e9tf\u0151\/ megkezd\u0151dik.<\/p>\n\n\n\n<p>A vars\u00e1k szakaszos kihelyez\u00e9se a Holt\u00e1g teljes ter\u00fclet\u00e9n megkezd\u0151dik.<\/p>\n\n\n\n<p>Az alacsony v\u00edz\u00e1ll\u00e1sra val\u00f3 tekintettel k\u00e9rj\u00fck fokozottan \u00fcgyeljenek a horg\u00e1szk\u00e9szs\u00e9geik elhelyez\u00e9sre, hogy azok a hal\u00e1szatot ne akad\u00e1lyozz\u00e1k \u00e9s ne okozzanak k\u00f6lcs\u00f6n\u00f6s kellemetlens\u00e9get.<\/p>\n\n\n\n<p>K\u00c9RJ\u00dcK, HOGY A KIHELYEZETT VARS\u00c1KAT A HAL\u00c1SZAT HAT\u00c9KONYS\u00c1G\u00c1NAK \u00c9RDEK\u00c9BEN NE K\u00d6ZEL\u00cdTS\u00c9K MEG!!!<\/p>\n\n\n\n<p>K\u00c9RJ\u00dcK T\u00dcRELM\u00dcKET, MEG\u00c9RT\u00c9S\u00dcKET \u00c9S MUNK\u00c1NK SEG\u00cdT\u00c9S\u00c9T!<\/p>\n\n\n\n<p>SHE Tiszal\u00fac Eln\u00f6ks\u00e9ge<\/p>\n\n\n\n<figure class=\"wp-block-image size-large\"><img loading=\"lazy\" decoding=\"async\" width=\"916\" height=\"768\" src=\"https:\/\/tiszalucihorgasz.hu\/wp-content\/uploads\/2025\/08\/536904801_24430565956559845_2183420919241259318_n-916x768.jpg\" alt=\"\" class=\"wp-image-3203\" srcset=\"https:\/\/tiszalucihorgasz.hu\/wp-content\/uploads\/2025\/08\/536904801_24430565956559845_2183420919241259318_n-916x768.jpg 916w, https:\/\/tiszalucihorgasz.hu\/wp-content\/uploads\/2025\/08\/536904801_24430565956559845_2183420919241259318_n-286x240.jpg 286w, https:\/\/tiszalucihorgasz.hu\/wp-content\/uploads\/2025\/08\/536904801_24430565956559845_2183420919241259318_n-768x644.jpg 768w, https:\/\/tiszalucihorgasz.hu\/wp-content\/uploads\/2025\/08\/536904801_24430565956559845_2183420919241259318_n.jpg 940w\" sizes=\"auto, (max-width: 916px) 100vw, 916px\" \/><\/figure>\n","protected":false},"excerpt":{"rendered":"<p>T\u00e1j\u00e9koztatjuk a Tisztelt Tags\u00e1gunkat \u00e9s Horg\u00e1szainkat, hogy a t\u00f6rpeharcsa szelekt\u00edv hal\u00e1szata 2025. szeptember 1-\u00e9n \/h\u00e9tf\u0151\/ megkezd\u0151dik. A vars\u00e1k szakaszos kihelyez\u00e9se a Holt\u00e1g teljes ter\u00fclet\u00e9n megkezd\u0151dik. Az alacsony v\u00edz\u00e1ll\u00e1sra val\u00f3 tekintettel k\u00e9rj\u00fck fokozottan \u00fcgyeljenek a horg\u00e1szk\u00e9szs\u00e9geik elhelyez\u00e9sre, hogy azok a hal\u00e1szatot &hellip; <a href=\"https:\/\/tiszalucihorgasz.hu\/index.php\/2025\/08\/27\/tajekoztatas-a-torpeharcsa-szelektiv-halaszatanak-megkezdeserol-2\/\">Egy kattint\u00e1s ide a folytat\u00e1shoz&#8230;. <span class=\"meta-nav\">&rarr;<\/span><\/a><\/p>\n","protected":false},"author":1,"featured_media":0,"comment_status":"closed","ping_status":"closed","sticky":false,"template":"","format":"standard","meta":{"footnotes":""},"categories":[1],"tags":[],"class_list":["post-3202","post","type-post","status-publish","format-standard","hentry","category-fooldal"],"_links":{"self":[{"href":"https:\/\/tiszalucihorgasz.hu\/index.php\/wp-json\/wp\/v2\/posts\/3202","targetHints":{"allow":["GET"]}}],"collection":[{"href":"https:\/\/tiszalucihorgasz.hu\/index.php\/wp-json\/wp\/v2\/posts"}],"about":[{"href":"https:\/\/tiszalucihorgasz.hu\/index.php\/wp-json\/wp\/v2\/types\/post"}],"author":[{"embeddable":true,"href":"https:\/\/tiszalucihorgasz.hu\/index.php\/wp-json\/wp\/v2\/users\/1"}],"replies":[{"embeddable":true,"href":"https:\/\/tiszalucihorgasz.hu\/index.php\/wp-json\/wp\/v2\/comments?post=3202"}],"version-history":[{"count":1,"href":"https:\/\/tiszalucihorgasz.hu\/index.php\/wp-json\/wp\/v2\/posts\/3202\/revisions"}],"predecessor-version":[{"id":3204,"href":"https:\/\/tiszalucihorgasz.hu\/index.php\/wp-json\/wp\/v2\/posts\/3202\/revisions\/3204"}],"wp:attachment":[{"href":"https:\/\/tiszalucihorgasz.hu\/index.php\/wp-json\/wp\/v2\/media?parent=3202"}],"wp:term":[{"taxonomy":"category","embeddable":true,"href":"https:\/\/tiszalucihorgasz.hu\/index.php\/wp-json\/wp\/v2\/categories?post=3202"},{"taxonomy":"post_tag","embeddable":true,"href":"https:\/\/tiszalucihorgasz.hu\/index.php\/wp-json\/wp\/v2\/tags?post=3202"}],"curies":[{"name":"wp","href":"https:\/\/api.w.org\/{rel}","templated":true}]}}