{"id":2870,"date":"2024-08-28T15:04:30","date_gmt":"2024-08-28T13:04:30","guid":{"rendered":"https:\/\/tiszalucihorgasz.hu\/?p=2870"},"modified":"2024-08-28T15:04:30","modified_gmt":"2024-08-28T13:04:30","slug":"tajekoztatas-a-torpeharcsa-szelektiv-halaszatanak-megkezdeserol","status":"publish","type":"post","link":"https:\/\/tiszalucihorgasz.hu\/index.php\/2024\/08\/28\/tajekoztatas-a-torpeharcsa-szelektiv-halaszatanak-megkezdeserol\/","title":{"rendered":"T\u00c1J\u00c9KOZTAT\u00c1S A T\u00d6RPEHARCSA SZELEKT\u00cdV HAL\u00c1SZAT\u00c1NAK MEGKEZD\u00c9S\u00c9R\u0150L"},"content":{"rendered":"\n<p>T\u00e1j\u00e9koztatjuk a Tisztelt Tags\u00e1got, hogy a t\u00f6rpeharcsa szelekt\u00edv hal\u00e1szata 2024. szeptember 2-\u00e1n \/h\u00e9tf\u0151\/ megkezd\u0151dik.<\/p>\n\n\n\n<p>\u26a0\ufe0f\u26a0\ufe0f\u26a0\ufe0fA hal\u00e1szat a Holt\u00e1g t\u00f6bb ter\u00fclet\u00e9t \u00e9rinti azonos id\u0151ben, a vars\u00e1k kihelyez\u00e9se a fog\u00e1si hat\u00e9konys\u00e1g figyelembev\u00e9tel\u00e9vel v\u00e1ltozik.<\/p>\n\n\n\n<p>K\u00c9RJ\u00dcK, HOGY A KIHELYEZETT VARS\u00c1KAT A HAL\u00c1SZAT HAT\u00c9KONYS\u00c1G\u00c1NAK \u00c9RDEK\u00c9BEN NE K\u00d6ZEL\u00cdTS\u00c9K MEG!!!<\/p>\n\n\n\n<p>A HAL\u00c1SZESZK\u00d6Z\u00d6K ENGED\u00c9LY N\u00c9LK\u00dcLI FELN\u00c9Z\u00c9SE ORVHAL\u00c1SZAT, MELY B\u0170NCSELEKM\u00c9NYNEK MIN\u0150S\u00dcL!!<\/p>\n\n\n\n<p>K\u00c9RJ\u00dcK MEG\u00c9RT\u00c9S\u00dcKET \u00c9S MUNK\u00c1NK SEG\u00cdT\u00c9S\u00c9T!<\/p>\n\n\n\n<p>SHE Tiszal\u00fac Eln\u00f6ks\u00e9ge <\/p>\n\n\n\n<figure class=\"wp-block-image size-large\"><img loading=\"lazy\" decoding=\"async\" width=\"916\" height=\"768\" src=\"https:\/\/tiszalucihorgasz.hu\/wp-content\/uploads\/2024\/08\/IMG_1833-916x768.jpeg\" alt=\"\" class=\"wp-image-2871\" srcset=\"https:\/\/tiszalucihorgasz.hu\/wp-content\/uploads\/2024\/08\/IMG_1833-916x768.jpeg 916w, https:\/\/tiszalucihorgasz.hu\/wp-content\/uploads\/2024\/08\/IMG_1833-286x240.jpeg 286w, https:\/\/tiszalucihorgasz.hu\/wp-content\/uploads\/2024\/08\/IMG_1833-768x644.jpeg 768w, https:\/\/tiszalucihorgasz.hu\/wp-content\/uploads\/2024\/08\/IMG_1833.jpeg 940w\" sizes=\"auto, (max-width: 916px) 100vw, 916px\" \/><\/figure>\n","protected":false},"excerpt":{"rendered":"<p>T\u00e1j\u00e9koztatjuk a Tisztelt Tags\u00e1got, hogy a t\u00f6rpeharcsa szelekt\u00edv hal\u00e1szata 2024. szeptember 2-\u00e1n \/h\u00e9tf\u0151\/ megkezd\u0151dik. \u26a0\ufe0f\u26a0\ufe0f\u26a0\ufe0fA hal\u00e1szat a Holt\u00e1g t\u00f6bb ter\u00fclet\u00e9t \u00e9rinti azonos id\u0151ben, a vars\u00e1k kihelyez\u00e9se a fog\u00e1si hat\u00e9konys\u00e1g figyelembev\u00e9tel\u00e9vel v\u00e1ltozik. K\u00c9RJ\u00dcK, HOGY A KIHELYEZETT VARS\u00c1KAT A HAL\u00c1SZAT HAT\u00c9KONYS\u00c1G\u00c1NAK \u00c9RDEK\u00c9BEN &hellip; <a href=\"https:\/\/tiszalucihorgasz.hu\/index.php\/2024\/08\/28\/tajekoztatas-a-torpeharcsa-szelektiv-halaszatanak-megkezdeserol\/\">Egy kattint\u00e1s ide a folytat\u00e1shoz&#8230;. <span class=\"meta-nav\">&rarr;<\/span><\/a><\/p>\n","protected":false},"author":1,"featured_media":0,"comment_status":"closed","ping_status":"closed","sticky":false,"template":"","format":"standard","meta":{"footnotes":""},"categories":[1],"tags":[],"class_list":["post-2870","post","type-post","status-publish","format-standard","hentry","category-fooldal"],"_links":{"self":[{"href":"https:\/\/tiszalucihorgasz.hu\/index.php\/wp-json\/wp\/v2\/posts\/2870","targetHints":{"allow":["GET"]}}],"collection":[{"href":"https:\/\/tiszalucihorgasz.hu\/index.php\/wp-json\/wp\/v2\/posts"}],"about":[{"href":"https:\/\/tiszalucihorgasz.hu\/index.php\/wp-json\/wp\/v2\/types\/post"}],"author":[{"embeddable":true,"href":"https:\/\/tiszalucihorgasz.hu\/index.php\/wp-json\/wp\/v2\/users\/1"}],"replies":[{"embeddable":true,"href":"https:\/\/tiszalucihorgasz.hu\/index.php\/wp-json\/wp\/v2\/comments?post=2870"}],"version-history":[{"count":1,"href":"https:\/\/tiszalucihorgasz.hu\/index.php\/wp-json\/wp\/v2\/posts\/2870\/revisions"}],"predecessor-version":[{"id":2872,"href":"https:\/\/tiszalucihorgasz.hu\/index.php\/wp-json\/wp\/v2\/posts\/2870\/revisions\/2872"}],"wp:attachment":[{"href":"https:\/\/tiszalucihorgasz.hu\/index.php\/wp-json\/wp\/v2\/media?parent=2870"}],"wp:term":[{"taxonomy":"category","embeddable":true,"href":"https:\/\/tiszalucihorgasz.hu\/index.php\/wp-json\/wp\/v2\/categories?post=2870"},{"taxonomy":"post_tag","embeddable":true,"href":"https:\/\/tiszalucihorgasz.hu\/index.php\/wp-json\/wp\/v2\/tags?post=2870"}],"curies":[{"name":"wp","href":"https:\/\/api.w.org\/{rel}","templated":true}]}}