{"id":2345,"date":"2023-08-08T14:00:55","date_gmt":"2023-08-08T12:00:55","guid":{"rendered":"https:\/\/tiszalucihorgasz.hu\/?p=2345"},"modified":"2023-08-08T14:00:55","modified_gmt":"2023-08-08T12:00:55","slug":"bronzos-hetvege-a-megyei-egyeni-bajnoksagon","status":"publish","type":"post","link":"https:\/\/tiszalucihorgasz.hu\/index.php\/2023\/08\/08\/bronzos-hetvege-a-megyei-egyeni-bajnoksagon\/","title":{"rendered":"Bronzos h\u00e9tv\u00e9ge a Megyei Egy\u00e9ni Bajnoks\u00e1gon"},"content":{"rendered":"\r\n<p>HEBOSZ-Megyei Egy\u00e9ni Horg\u00e1sz Bajnoks\u00e1g 2023.<\/p>\r\n\r\n\r\n\r\n<p>A 2023.07.02-\u00e1n megrendezett versenyen egyes\u00fclet\u00fcnket az al\u00e1bbi versenyz\u0151k k\u00e9pviselt\u00e9k \u00e9s az al\u00e1bbi eredm\u00e9nyeket \u00e9rt\u00e9k el:<\/p>\r\n\r\n\r\n\r\n<p>Feln\u0151tt:<\/p>\r\n\r\n\r\n\r\n<ul style=\"list-style-type: circle;\">\r\n<li>Kiss \u00c1d\u00e1m\u00a0<\/li>\r\n<li>Tak\u00e1cs \u00c1d\u00e1m<\/li>\r\n<\/ul>\r\n\r\n\r\n\r\n\r\n\r\n<p>U-14:<\/p>\r\n\r\n\r\n\r\n<ul style=\"list-style-type: circle;\">\r\n<li><img loading=\"lazy\" decoding=\"async\" src=\"https:\/\/static.xx.fbcdn.net\/images\/emoji.php\/v9\/td5\/2\/16\/35_20e3.png\" alt=\"5&#xfe0f;&#x20e3;\" width=\"16\" height=\"16\" \/> Szak\u00e1cs R\u00e9ka\u00a0<\/li>\r\n<li><img loading=\"lazy\" decoding=\"async\" src=\"https:\/\/static.xx.fbcdn.net\/images\/emoji.php\/v9\/t35\/2\/16\/1f949.png\" alt=\"&#x1f949;\" width=\"16\" height=\"16\" \/><img loading=\"lazy\" decoding=\"async\" src=\"https:\/\/static.xx.fbcdn.net\/images\/emoji.php\/v9\/t5d\/2\/16\/1f3c6.png\" alt=\"&#x1f3c6;\" width=\"16\" height=\"16\" \/> Hornyik Vince<\/li>\r\n<\/ul>\r\n\r\n\r\n\r\n\r\n\r\n<p>Ifj\u00fas\u00e1gi Horg\u00e1szviadal:<\/p>\r\n\r\n\r\n\r\n<ul style=\"list-style-type: circle;\">\r\n<li><img loading=\"lazy\" decoding=\"async\" src=\"https:\/\/static.xx.fbcdn.net\/images\/emoji.php\/v9\/td5\/2\/16\/35_20e3.png\" alt=\"5&#xfe0f;&#x20e3;\" width=\"16\" height=\"16\" \/> Szak\u00e1cs R\u00e9ka\u00a0<\/li>\r\n<li><img loading=\"lazy\" decoding=\"async\" src=\"https:\/\/static.xx.fbcdn.net\/images\/emoji.php\/v9\/t35\/2\/16\/1f949.png\" alt=\"&#x1f949;\" width=\"16\" height=\"16\" \/> Hornyik Vince<\/li>\r\n<\/ul>\r\n\r\n\r\n\r\n\r\n\r\n<p>Gratul\u00e1lunk versenyz\u0151inknek! A sz\u00fcl\u0151knek pedig k\u00f6sz\u00f6nj\u00fck a seg\u00edts\u00e9get!<\/p>\r\n<div id='gallery-1' class='gallery galleryid-2345 gallery-columns-3 gallery-size-thumbnail'><dl class='gallery-item'>\n\t\t\t<dt class='gallery-icon landscape'>\n\t\t\t\t<a href='https:\/\/tiszalucihorgasz.hu\/index.php\/2023\/08\/08\/bronzos-hetvege-a-megyei-egyeni-bajnoksagon\/347387110_6410344802341903_5254010274575950197_n\/'><img loading=\"lazy\" decoding=\"async\" width=\"150\" height=\"150\" src=\"https:\/\/tiszalucihorgasz.hu\/wp-content\/uploads\/2023\/08\/347387110_6410344802341903_5254010274575950197_n-150x150.jpg\" class=\"attachment-thumbnail size-thumbnail\" alt=\"\" \/><\/a>\n\t\t\t<\/dt><\/dl><dl class='gallery-item'>\n\t\t\t<dt class='gallery-icon portrait'>\n\t\t\t\t<a href='https:\/\/tiszalucihorgasz.hu\/index.php\/2023\/08\/08\/bronzos-hetvege-a-megyei-egyeni-bajnoksagon\/347428605_6410345072341876_2653106184019371761_n\/'><img loading=\"lazy\" decoding=\"async\" width=\"150\" height=\"150\" src=\"https:\/\/tiszalucihorgasz.hu\/wp-content\/uploads\/2023\/08\/347428605_6410345072341876_2653106184019371761_n-150x150.jpg\" class=\"attachment-thumbnail size-thumbnail\" alt=\"\" \/><\/a>\n\t\t\t<\/dt><\/dl><dl class='gallery-item'>\n\t\t\t<dt class='gallery-icon portrait'>\n\t\t\t\t<a href='https:\/\/tiszalucihorgasz.hu\/index.php\/2023\/08\/08\/bronzos-hetvege-a-megyei-egyeni-bajnoksagon\/347556667_6410345805675136_2721747730782645215_n\/'><img loading=\"lazy\" decoding=\"async\" width=\"150\" height=\"150\" src=\"https:\/\/tiszalucihorgasz.hu\/wp-content\/uploads\/2023\/08\/347556667_6410345805675136_2721747730782645215_n-150x150.jpg\" class=\"attachment-thumbnail size-thumbnail\" alt=\"\" \/><\/a>\n\t\t\t<\/dt><\/dl><br style=\"clear: both\" \/><dl class='gallery-item'>\n\t\t\t<dt class='gallery-icon landscape'>\n\t\t\t\t<a href='https:\/\/tiszalucihorgasz.hu\/index.php\/2023\/08\/08\/bronzos-hetvege-a-megyei-egyeni-bajnoksagon\/347561241_6410345272341856_3614585104314526336_n\/'><img loading=\"lazy\" decoding=\"async\" width=\"150\" height=\"150\" src=\"https:\/\/tiszalucihorgasz.hu\/wp-content\/uploads\/2023\/08\/347561241_6410345272341856_3614585104314526336_n-150x150.jpg\" class=\"attachment-thumbnail size-thumbnail\" alt=\"\" \/><\/a>\n\t\t\t<\/dt><\/dl><dl class='gallery-item'>\n\t\t\t<dt class='gallery-icon landscape'>\n\t\t\t\t<a href='https:\/\/tiszalucihorgasz.hu\/index.php\/2023\/08\/08\/bronzos-hetvege-a-megyei-egyeni-bajnoksagon\/356171296_6410345602341823_8144748522015767111_n\/'><img loading=\"lazy\" decoding=\"async\" width=\"150\" height=\"150\" src=\"https:\/\/tiszalucihorgasz.hu\/wp-content\/uploads\/2023\/08\/356171296_6410345602341823_8144748522015767111_n-150x150.jpg\" class=\"attachment-thumbnail size-thumbnail\" alt=\"\" \/><\/a>\n\t\t\t<\/dt><\/dl><dl class='gallery-item'>\n\t\t\t<dt class='gallery-icon landscape'>\n\t\t\t\t<a href='https:\/\/tiszalucihorgasz.hu\/index.php\/2023\/08\/08\/bronzos-hetvege-a-megyei-egyeni-bajnoksagon\/357678112_6410346185675098_3135813992585424133_n\/'><img loading=\"lazy\" decoding=\"async\" width=\"150\" height=\"150\" src=\"https:\/\/tiszalucihorgasz.hu\/wp-content\/uploads\/2023\/08\/357678112_6410346185675098_3135813992585424133_n-150x150.jpg\" class=\"attachment-thumbnail size-thumbnail\" alt=\"\" \/><\/a>\n\t\t\t<\/dt><\/dl><br style=\"clear: both\" \/>\n\t\t<\/div>\n\r\n","protected":false},"excerpt":{"rendered":"<p>HEBOSZ-Megyei Egy\u00e9ni Horg\u00e1sz Bajnoks\u00e1g 2023. A 2023.07.02-\u00e1n megrendezett versenyen egyes\u00fclet\u00fcnket az al\u00e1bbi versenyz\u0151k k\u00e9pviselt\u00e9k \u00e9s az al\u00e1bbi eredm\u00e9nyeket \u00e9rt\u00e9k el: Feln\u0151tt: Kiss \u00c1d\u00e1m\u00a0 Tak\u00e1cs \u00c1d\u00e1m U-14: Szak\u00e1cs R\u00e9ka\u00a0 Hornyik Vince Ifj\u00fas\u00e1gi Horg\u00e1szviadal: Szak\u00e1cs R\u00e9ka\u00a0 Hornyik Vince Gratul\u00e1lunk versenyz\u0151inknek! A sz\u00fcl\u0151knek &hellip; <a href=\"https:\/\/tiszalucihorgasz.hu\/index.php\/2023\/08\/08\/bronzos-hetvege-a-megyei-egyeni-bajnoksagon\/\">Egy kattint\u00e1s ide a folytat\u00e1shoz&#8230;. <span class=\"meta-nav\">&rarr;<\/span><\/a><\/p>\n","protected":false},"author":1,"featured_media":0,"comment_status":"closed","ping_status":"closed","sticky":false,"template":"","format":"standard","meta":{"footnotes":""},"categories":[1],"tags":[],"class_list":["post-2345","post","type-post","status-publish","format-standard","hentry","category-fooldal"],"_links":{"self":[{"href":"https:\/\/tiszalucihorgasz.hu\/index.php\/wp-json\/wp\/v2\/posts\/2345","targetHints":{"allow":["GET"]}}],"collection":[{"href":"https:\/\/tiszalucihorgasz.hu\/index.php\/wp-json\/wp\/v2\/posts"}],"about":[{"href":"https:\/\/tiszalucihorgasz.hu\/index.php\/wp-json\/wp\/v2\/types\/post"}],"author":[{"embeddable":true,"href":"https:\/\/tiszalucihorgasz.hu\/index.php\/wp-json\/wp\/v2\/users\/1"}],"replies":[{"embeddable":true,"href":"https:\/\/tiszalucihorgasz.hu\/index.php\/wp-json\/wp\/v2\/comments?post=2345"}],"version-history":[{"count":1,"href":"https:\/\/tiszalucihorgasz.hu\/index.php\/wp-json\/wp\/v2\/posts\/2345\/revisions"}],"predecessor-version":[{"id":2352,"href":"https:\/\/tiszalucihorgasz.hu\/index.php\/wp-json\/wp\/v2\/posts\/2345\/revisions\/2352"}],"wp:attachment":[{"href":"https:\/\/tiszalucihorgasz.hu\/index.php\/wp-json\/wp\/v2\/media?parent=2345"}],"wp:term":[{"taxonomy":"category","embeddable":true,"href":"https:\/\/tiszalucihorgasz.hu\/index.php\/wp-json\/wp\/v2\/categories?post=2345"},{"taxonomy":"post_tag","embeddable":true,"href":"https:\/\/tiszalucihorgasz.hu\/index.php\/wp-json\/wp\/v2\/tags?post=2345"}],"curies":[{"name":"wp","href":"https:\/\/api.w.org\/{rel}","templated":true}]}}