{"id":1259,"date":"2020-09-19T08:32:58","date_gmt":"2020-09-19T06:32:58","guid":{"rendered":"https:\/\/tiszalucihorgasz.hu\/?p=1259"},"modified":"2020-09-19T08:32:58","modified_gmt":"2020-09-19T06:32:58","slug":"a-magyar-orszagos-horgasz-szovetseg-kozlemenye-az-uj-tipusu-koronavirus-okan-elrendelt-oszi-jarvanyugyi-keszultsegi-idoszak-horgaszsport-esemenyeirol-iv","status":"publish","type":"post","link":"https:\/\/tiszalucihorgasz.hu\/index.php\/2020\/09\/19\/a-magyar-orszagos-horgasz-szovetseg-kozlemenye-az-uj-tipusu-koronavirus-okan-elrendelt-oszi-jarvanyugyi-keszultsegi-idoszak-horgaszsport-esemenyeirol-iv\/","title":{"rendered":"A Magyar Orsz\u00e1gos Horg\u00e1sz Sz\u00f6vets\u00e9g K\u00d6ZLEM\u00c9NYE az \u00faj t\u00edpus\u00fa koronav\u00edrus ok\u00e1n elrendelt \u0151szi j\u00e1rv\u00e1ny\u00fcgyi k\u00e9sz\u00fclts\u00e9gi id\u0151szak horg\u00e1szsport esem\u00e9nyeir\u0151l (IV.)"},"content":{"rendered":"\n<p><br><\/p>\n\n\n\n<p><strong>Hat\u00e1lyos: 2020.09.15-t\u00f6l<\/strong><\/p>\n\n\n\n<p><strong>Tekintettel a COVID-19 m\u00e1sodik hull\u00e1ma okozta bizonytalan helyzetre, valamint a Korm\u00e1ny a j\u00e1rv\u00e1ny\u00fcgyi k\u00e9sz\u00fclts\u00e9gi id\u0151szak utaz\u00e1si korl\u00e1toz\u00e1sair\u00f3l sz\u00f3l\u00f3, szeptember h\u00f3napra vonatkoz\u00f3 408\/2020. (VIII.30.) rendelet\u00e9re, tov\u00e1bb\u00e1 az EMMI szeptember 1-jei keltez\u00e9s\u0171, a j\u00e1rv\u00e1ny\u00fcgyi k\u00e9sz\u00fclts\u00e9gi id\u0151szak utaz\u00e1si korl\u00e1toz\u00e1sair\u00f3l \u00e9s a felment\u00e9si lehet\u0151s\u00e9gekr\u0151l sz\u00f3l\u00f3 t\u00e1j\u00e9koztat\u00e1s\u00e1ra a MOHOSZ, mint orsz\u00e1gos sport\u00e1gi szaksz\u00f6vets\u00e9g az al\u00e1bbiakat rendeli el:<\/strong><\/p>\n\n\n\n<p>1. A hazai, orsz\u00e1gos \u00e9s ter\u00fcleti versenynapt\u00e1rakban megtervezett horg\u00e1szsport esem\u00e9nyek, versenyek 200 f\u0151s teljes (sportol\u00f3, seg\u00edt\u0151, technikai munkat\u00e1rs egy\u00fctt) l\u00e9tsz\u00e1mig tov\u00e1bbra is megtarthat\u00f3k, ugyanakkor ezen l\u00e9tsz\u00e1mkorl\u00e1t felett 2020. \u00e9vben \u00faj versenyek meghirdet\u00e9s\u00e9t a MOHOSZ nem t\u00e1mogatja.<\/p>\n\n\n\n<p>2. A VI. Nemzetk\u00f6zi Balatoni Pontyfog\u00f3 Kupa (IBCC) megrendez\u00e9se t\u00e1rgy\u00e1ban a szervez\u0151 Tematik-Kabel Kft., a halgazd\u00e1lkod\u00e1si hasznos\u00edt\u00f3 Balatoni Halgazd\u00e1lkod\u00e1si Nonprofit Zrt. \u00e9s a MOHOSZ augusztus 31-\u00e9n k\u00fcl\u00f6n k\u00f6z\u00f6s k\u00f6zlem\u00e9nyt adott ki, ennek keret\u00e9ben a megrendez\u00e9sr\u0151l sz\u00f3l\u00f3 d\u00f6nt\u00e9st legk\u00e9s\u0151bb 2020. okt\u00f3ber 1. napj\u00e1ig elhalasztotta, egyben felk\u00e9rte a szervez\u0151t egy j\u00e1rv\u00e1ny\u00fcgyi megel\u0151z\u00e9si \u00e9s kock\u00e1zatcs\u00f6kkent\u00e9si forgat\u00f3k\u00f6nyv elk\u00e9sz\u00edt\u00e9s\u00e9re, amely a tov\u00e1bbi szaksz\u00f6vets\u00e9gi d\u00f6nt\u00e9sek egyik alapja.<\/p>\n\n\n\n<p>3. A VII. Nemzetk\u00f6zi Balatoni Bojlis Horg\u00e1szverseny (NBBH) t\u00e1rgy\u00e1ban a MOHOSZ a megrendez\u00e9sr\u0151l, \u00e9s a megrendez\u00e9s felt\u00e9teleir\u0151l sz\u00f3l\u00f3 t\u00e1mogat\u00f3 d\u00f6nt\u00e9st a szervez\u0151 j\u00e1rv\u00e1ny\u00fcgyi megel\u0151z\u00e9si \u00e9s kock\u00e1zatkezel\u00e9si forgat\u00f3k\u00f6nyve alapj\u00e1n meghozta. A d\u00f6nt\u00e9s \u00e9rtelm\u00e9ben a versenyen kiz\u00e1r\u00f3lag hazai csapatok r\u00e9szv\u00e9tele t\u00e1mogatott.<\/p>\n\n\n\n<p>4. Az V. Nemzetk\u00f6zi M\u0171csalis Ragadoz\u00f3halfog\u00f3 Torna 1. fordul\u00f3ja (IPCC, 2020.09.05\u201306.) a 2020. \u00e9vi orsz\u00e1gos rendezv\u00e9ny- \u00e9s versenynapt\u00e1rb\u00f3l t\u00f6rl\u00e9sre ker\u00fclt, a 2. fordul\u00f3 (2020.09.26\u201327.) a szervez\u0151 j\u00e1rv\u00e1ny\u00fcgyi megel\u0151z\u00e9si \u00e9s kock\u00e1zatkezel\u00e9si forgat\u00f3k\u00f6nyve alapj\u00e1n megrendez\u00e9sre ker\u00fcl, a 3. fordul\u00f3 (2020.10.17\u201318.) \u201eF\u00fcgg\u0151ben\u201d st\u00e1tuszban marad.<\/p>\n\n\n\n<p>5. A IV. Orsz\u00e1gos Hal\u0151ri Szakmai Verseny \u00e9s Tal\u00e1lkoz\u00f3 (2020.09.21\u201323.) a MOHOSZ d\u00f6nt\u00e9se alapj\u00e1n a 2020. \u00e9vi orsz\u00e1gos rendezv\u00e9ny- \u00e9s versenynapt\u00e1rb\u00f3l t\u00f6rl\u00e9sre ker\u00fclt.<\/p>\n\n\n\n<p>6. A Magyar Horg\u00e1szat Nagyk\u00f6veteinek VIII. Tal\u00e1lkoz\u00f3ja \u00e9s Horg\u00e1szversenye (2020.09.24.) a MOHOSZ d\u00f6nt\u00e9se alapj\u00e1n a 2020. \u00e9vi orsz\u00e1gos rendezv\u00e9ny- \u00e9s versenynapt\u00e1rb\u00f3l t\u00f6rl\u00e9sre ker\u00fclt.<\/p>\n\n\n\n<p>7. A VI. Hethland Feeder Kupa (2020.09.25\u201327.) a 2020. \u00e9vi orsz\u00e1gos rendezv\u00e9ny- \u00e9s versenynapt\u00e1rb\u00f3l t\u00f6rl\u00e9sre ker\u00fclt.<\/p>\n\n\n\n<p>8. A II. WalterLand Daiwa Masters Nemzetk\u00f6zi Horg\u00e1szverseny (2020.10.15\u201317.) a 2020. \u00e9vi orsz\u00e1gos rendezv\u00e9ny- \u00e9s versenynapt\u00e1rb\u00f3l t\u00f6rl\u00e9sre ker\u00fclt, helyette a hazai versenyz\u0151k sz\u00e1m\u00e1ra, ny\u00edlt egy\u00e9ni versenyk\u00e9nt, 2020.10.17\u201318-i d\u00e1tummal WalterLand Feeder Kupa megnevez\u00e9ssel egy \u00faj verseny ker\u00fcl megrendez\u00e9sre.<\/p>\n\n\n\n<p>9. A MOHOSZ kinyilv\u00e1n\u00edtja, hogy valamennyi megkezdett orsz\u00e1gos bajnoks\u00e1got teljes fordul\u00f3s lebonyol\u00edt\u00e1ssal be k\u00edv\u00e1n fejezni, illetve a m\u00e9g meg nem rendezett bajnoks\u00e1gokat a ki\u00edr\u00e1soknak megfelel\u0151en le k\u00edv\u00e1nja bonyol\u00edtani.<\/p>\n\n\n\n<p>10. Ennek \u00e9rdek\u00e9ben az orsz\u00e1gos bajnoks\u00e1gok \u00e9s a 2020. \u00e9vi orsz\u00e1gos rendezv\u00e9ny- \u00e9s versenynapt\u00e1rban szerepl\u0151 egy\u00e9b versenyek eset\u00e9ben az OHSZK a Horg\u00e1szsport Szaksz\u00f6vets\u00e9gi Iroda \u00e9s az OVHB r\u00e9sz\u00e9re, illetve a szervez\u0151 r\u00e9sz\u00e9re minden \u00f6n\u00e1ll\u00f3 sportrendezv\u00e9nyre el\u0151\u00edrja az adott rendezv\u00e9nyre vonatkoz\u00f3, a COVID-19 v\u00edrus fert\u0151z\u00e9s tov\u00e1bbterjed\u00e9s\u00e9t megakad\u00e1lyoz\u00f3 \u00f3vint\u00e9zked\u00e9seket tartalmaz\u00f3, valamennyi r\u00e9sztvev\u0151 sz\u00e1m\u00e1ra k\u00f6telez\u0151 \u00e9rv\u00e9ny\u0171 szab\u00e1lyzat kiad\u00e1s\u00e1t \u00e9s a v\u00e9grehajt\u00e1s helysz\u00edni ellen\u0151rz\u00e9s\u00e9t, az al\u00e1bbi k\u00f6telez\u0151 szab\u00e1lyoz\u00e1si elemek alkalmaz\u00e1sa mellett:<\/p>\n\n\n\n<p>a) el\u0151zetesen kit\u00f6ltend\u0151 \u00e9s leadand\u00f3 r\u00e9sztvev\u0151i (OHSZK \u00e1ltal elk\u00e9sz\u00edtett, 2020. szeptember 15-\u00e9n m\u00f3dos\u00edtott) nyilatkozat arr\u00f3l, hogy az adott szem\u00e9ly r\u00e9szv\u00e9tele saj\u00e1t felel\u0151ss\u00e9gre t\u00f6rt\u00e9nik \u00e9s nem jelent eg\u00e9szs\u00e9g\u00fcgyi kock\u00e1zatot (<a href=\"https:\/\/nyito.mohosz.hu\/index.php\/letoltesek?download=42:egyseges-egeszsegugyi-kockazati-es-felelossegi-nyilatkozat-ii-mohosz-ohszk-kozlemeny-iv-1-sz-melleklete&amp;start=20\"><strong><em>1.&nbsp;sz. mell\u00e9klet<\/em><\/strong>),<\/a><\/p>\n\n\n\n<p>b) biztos\u00edtand\u00f3 a t\u00f6bbsz\u00f6r\u00f6s fizikai \u00e9rint\u00e9st elker\u00fcl\u0151 sorsol\u00e1si technika alkalmaz\u00e1sa,<\/p>\n\n\n\n<p>c) legal\u00e1bb 5 m\u00e9teres v\u00e9d\u0151t\u00e1vols\u00e1g biztos\u00edt\u00e1sa a versenyz\u0151k, illetve 10 m\u00e9teres v\u00e9d\u0151t\u00e1vols\u00e1g biztos\u00edt\u00e1sa a p\u00e1rosok, csapatok k\u00f6z\u00f6tt,<\/p>\n\n\n\n<p>d) az eredm\u00e9nyhirdet\u00e9sekn\u00e9l az aktu\u00e1lis j\u00e1rv\u00e1ny\u00fcgyi szab\u00e1lyoz\u00e1si helyzetnek megfelel\u0151, lehet\u0151 legkisebb szoci\u00e1lis \u00e9rintkez\u00e9s biztos\u00edt\u00e1sa,<\/p>\n\n\n\n<p>e) hivatkoz\u00e1s az aktu\u00e1lis elj\u00e1r\u00e1srendi t\u00e1j\u00e9koztat\u00f3 k\u00f6telez\u0151 alkalmaz\u00e1s\u00e1ra.<\/p>\n\n\n\n<p>11. A MOHOSZ, illetve a versenyszervez\u0151 az orsz\u00e1gos versenynapt\u00e1rban szerepl\u0151 versenyek eset\u00e9n fenntartja a jogot a testh\u0151m\u00e9rs\u00e9klet m\u00e9r\u00e9s\u00e9re, l\u00e1zas \u00e1llapot eset\u00e9n a verseny sz\u00ednhely\u00e9re t\u00f6rt\u00e9n\u0151 bel\u00e9ptet\u00e9s megtagad\u00e1s\u00e1ra.<\/p>\n\n\n\n<p>12. A MOHOSZ a jelen k\u00f6zlem\u00e9ny lapj\u00e1n kiadott, 2020. \u00e9vi, szeptember 15-t\u0151l hat\u00e1lyos orsz\u00e1gos rendezv\u00e9ny- \u00e9s versenynapt\u00e1r\u00e1ban&nbsp;<a href=\"https:\/\/nyito.mohosz.hu\/index.php\/letoltesek?download=31:mohosz-versenynaptar-aktualis&amp;start=20\">(<strong><em>2.&nbsp;sz. mell\u00e9klet<\/em><\/strong>)<\/a>&nbsp;nem szerepl\u0151 horg\u00e1szversenyek, mint sportrendezv\u00e9nyek a jelen elj\u00e1r\u00e1srendi t\u00e1j\u00e9koztat\u00f3 el\u0151\u00edr\u00e1si keretei k\u00f6z\u00f6tt \u00e1ltal\u00e1nosan megtarthat\u00f3k azzal, hogy az \u00f3vint\u00e9zked\u00e9sek biztos\u00edt\u00e1sa \u00e9s a v\u00e9grehajt\u00e1s helysz\u00edni ellen\u0151rz\u00e9se a versenyszervez\u0151 kiz\u00e1r\u00f3lagos feladata \u00e9s felel\u0151ss\u00e9ge.<\/p>\n\n\n\n<p>13. A MOHOSZ kijelenti, hogy 2020. okt\u00f3ber 15. napj\u00e1ig nem ad ki megh\u00edv\u00f3levelet k\u00fclf\u00f6ldi sportol\u00f3 r\u00e9sz\u00e9re \u00e9s nem t\u00e1mogatja a magyar csapatok k\u00fclf\u00f6ld\u00f6n t\u00f6rt\u00e9n\u0151 versenyz\u00e9s\u00e9t.<\/p>\n\n\n\n<p>14. A jelen t\u00e1j\u00e9koztat\u00f3t a MOHOSZ weblapj\u00e1n halad\u00e9ktalanul k\u00f6zz\u00e9 kell tenni.<\/p>\n\n\n\n<p>15. Jelen t\u00e1j\u00e9koztat\u00f3 a kiad\u00e1sa napj\u00e1t\u00f3l annak m\u00f3dos\u00edt\u00e1s\u00e1ig, vagy visszavon\u00e1s\u00e1ig hat\u00e1lyos.<\/p>\n\n\n\n<p>16. A MOHOSZ valamennyi, ezen t\u00e1j\u00e9koztat\u00f3t \u00e9rint\u0151 v\u00e1ltoz\u00e1sr\u00f3l, vagy a t\u00e1j\u00e9koztat\u00f3 hat\u00e1lyon k\u00edv\u00fcl helyez\u00e9s\u00e9r\u0151l a weblapj\u00e1n \u00e9s Facebook el\u00e9rhet\u0151s\u00e9g\u00e9n kereszt\u00fcl, valamint k\u00f6rlev\u00e9l keret\u00e9ben is halad\u00e9ktalanul \u00e9rtes\u00edti a horg\u00e1szszervezeteket, illetve a HORINFO rendszeren kereszt\u00fcl a regisztr\u00e1lt, egy\u00e9ni e-mail-c\u00edmmel rendelkez\u0151 horg\u00e1szokat.<\/p>\n\n\n\n<p>17. A MOHOSZ OHSZK elrendeli, hogy az aktu\u00e1lis lapz\u00e1rta id\u0151pontj\u00e1ban \u00e9rv\u00e9nyes t\u00e1j\u00e9koztat\u00f3 \u00e9s a versenynapt\u00e1r a Magyar Horg\u00e1szban, mint a MOHOSZ hivatalos lapj\u00e1ban az 1. pont szerinti j\u00e1rv\u00e1ny\u00fcgyi k\u00e9sz\u00fclts\u00e9gi, vagy egy\u00e9b elrendelt korl\u00e1toz\u00e1si id\u0151szak alatt minden lapsz\u00e1mban teljes terjedelm\u00e9ben k\u00f6zl\u00e9sre ker\u00fclj\u00f6n.<\/p>\n\n\n\n<p>18. A t\u00e1j\u00e9koztat\u00f3 t\u00e1rgy\u00e1ban felmer\u00fcl\u0151 k\u00e9rd\u00e9sek megv\u00e1laszol\u00e1sa tekintet\u00e9ben az Igazgat\u00e1si \u00e9s Szervez\u00e9si Oszt\u00e1ly vezet\u0151j\u00e9t a titkarsag&nbsp;[KUKAC]&nbsp;mohosz&nbsp;[PONT]&nbsp;hu c\u00edmen lehet el\u00e9rni, s a v\u00e1laszad\u00e1sra a k\u00fcld\u0151 e-mail-c\u00edmre 2 munkanapon bel\u00fcl sor ker\u00fcl.<\/p>\n\n\n\n<p><em>K\u00e9rj\u00fck \u00e9s megk\u00f6sz\u00f6nj\u00fck sz\u00edves egy\u00fcttm\u0171k\u00f6d\u00e9s\u00fcket! Tov\u00e1bbra is vigy\u00e1zzunk egym\u00e1sra!<\/em><\/p>\n\n\n\n<p><strong><em>Dr. Sz\u0171cs Lajos eln\u00f6k megb\u00edz\u00e1s\u00e1b\u00f3l<\/em><\/strong><\/p>\n\n\n\n<p><strong><em>Dr. D\u00e9rer Istv\u00e1n f\u0151igazgat\u00f3<\/em><\/strong><\/p>\n\n\n\n<p>A mell\u00e9kletek a MOHOSZ weblapj\u00e1r\u00f3l (nyito.mohosz.hu) t\u00f6lthet\u0151k le.<\/p>\n","protected":false},"excerpt":{"rendered":"<p>Hat\u00e1lyos: 2020.09.15-t\u00f6l Tekintettel a COVID-19 m\u00e1sodik hull\u00e1ma okozta bizonytalan helyzetre, valamint a Korm\u00e1ny a j\u00e1rv\u00e1ny\u00fcgyi k\u00e9sz\u00fclts\u00e9gi id\u0151szak utaz\u00e1si korl\u00e1toz\u00e1sair\u00f3l sz\u00f3l\u00f3, szeptember h\u00f3napra vonatkoz\u00f3 408\/2020. (VIII.30.) rendelet\u00e9re, tov\u00e1bb\u00e1 az EMMI szeptember 1-jei keltez\u00e9s\u0171, a j\u00e1rv\u00e1ny\u00fcgyi k\u00e9sz\u00fclts\u00e9gi id\u0151szak utaz\u00e1si korl\u00e1toz\u00e1sair\u00f3l \u00e9s a &hellip; <a href=\"https:\/\/tiszalucihorgasz.hu\/index.php\/2020\/09\/19\/a-magyar-orszagos-horgasz-szovetseg-kozlemenye-az-uj-tipusu-koronavirus-okan-elrendelt-oszi-jarvanyugyi-keszultsegi-idoszak-horgaszsport-esemenyeirol-iv\/\">Egy kattint\u00e1s ide a folytat\u00e1shoz&#8230;. <span class=\"meta-nav\">&rarr;<\/span><\/a><\/p>\n","protected":false},"author":1,"featured_media":0,"comment_status":"closed","ping_status":"closed","sticky":false,"template":"","format":"standard","meta":{"footnotes":""},"categories":[1],"tags":[],"class_list":["post-1259","post","type-post","status-publish","format-standard","hentry","category-fooldal"],"_links":{"self":[{"href":"https:\/\/tiszalucihorgasz.hu\/index.php\/wp-json\/wp\/v2\/posts\/1259","targetHints":{"allow":["GET"]}}],"collection":[{"href":"https:\/\/tiszalucihorgasz.hu\/index.php\/wp-json\/wp\/v2\/posts"}],"about":[{"href":"https:\/\/tiszalucihorgasz.hu\/index.php\/wp-json\/wp\/v2\/types\/post"}],"author":[{"embeddable":true,"href":"https:\/\/tiszalucihorgasz.hu\/index.php\/wp-json\/wp\/v2\/users\/1"}],"replies":[{"embeddable":true,"href":"https:\/\/tiszalucihorgasz.hu\/index.php\/wp-json\/wp\/v2\/comments?post=1259"}],"version-history":[{"count":1,"href":"https:\/\/tiszalucihorgasz.hu\/index.php\/wp-json\/wp\/v2\/posts\/1259\/revisions"}],"predecessor-version":[{"id":1260,"href":"https:\/\/tiszalucihorgasz.hu\/index.php\/wp-json\/wp\/v2\/posts\/1259\/revisions\/1260"}],"wp:attachment":[{"href":"https:\/\/tiszalucihorgasz.hu\/index.php\/wp-json\/wp\/v2\/media?parent=1259"}],"wp:term":[{"taxonomy":"category","embeddable":true,"href":"https:\/\/tiszalucihorgasz.hu\/index.php\/wp-json\/wp\/v2\/categories?post=1259"},{"taxonomy":"post_tag","embeddable":true,"href":"https:\/\/tiszalucihorgasz.hu\/index.php\/wp-json\/wp\/v2\/tags?post=1259"}],"curies":[{"name":"wp","href":"https:\/\/api.w.org\/{rel}","templated":true}]}}