{"id":1023,"date":"2019-02-06T11:31:14","date_gmt":"2019-02-06T10:31:14","guid":{"rendered":"https:\/\/tiszalucihorgasz.hu\/?p=1023"},"modified":"2019-02-06T11:31:14","modified_gmt":"2019-02-06T10:31:14","slug":"februar-1-jen-elkezdodik-a-csuka-fogasanak-fajlagos-tilalmi-ideje","status":"publish","type":"post","link":"https:\/\/tiszalucihorgasz.hu\/index.php\/2019\/02\/06\/februar-1-jen-elkezdodik-a-csuka-fogasanak-fajlagos-tilalmi-ideje\/","title":{"rendered":"Febru\u00e1r 1-j\u00e9n elkezd\u0151dik a csuka fog\u00e1s\u00e1nak fajlagos tilalmi ideje"},"content":{"rendered":"<h2><\/h2>\n<div class=\"article-image\"><img decoding=\"async\" src=\"http:\/\/portal.nebih.gov.hu\/documents\/10182\/322537\/01_31_Csuka_660_220\/59952f53-076d-ab49-b2bf-26baa83be449?t=1548965573798\" alt=\"Febru\u00e1r 1-j\u00e9n elkezd\u0151dik a csuka fog\u00e1s\u00e1nak fajlagos tilalmi ideje\" \/><\/div>\n<p>2019. janu\u00e1r 31.<\/p>\n<p class=\"lead\"><strong>A Nemzeti \u00c9lelmiszerl\u00e1nc-biztons\u00e1gi Hivatal (N\u00e9bih) felh\u00edvja a horg\u00e1szok \u00e9s a hal\u00e1szok figyelm\u00e9t, hogy \u2013 a hat\u00e1lyos jogszab\u00e1lyok \u00e9rtelm\u00e9ben \u2013 2019. febru\u00e1r 1-j\u00e9n nulla \u00f3r\u00e1t\u00f3l tilos a csuka kifog\u00e1sa \u00e9s elvitele Magyarorsz\u00e1g halgazd\u00e1lkod\u00e1si v\u00edzter\u00fcletein. A fajlagos tilalom m\u00e1rcius 29-\u00e9n \u00e9jf\u00e9lkor \u00e9r v\u00e9get.<\/strong><\/p>\n<p>A halgazd\u00e1lkod\u00e1s \u00e9s a halv\u00e9delem egyes szab\u00e1lyainak meg\u00e1llap\u00edt\u00e1s\u00e1r\u00f3l sz\u00f3l\u00f3 133\/2013. (XII. 29.) VM rendelet \u00e9rtelm\u00e9ben 2019. febru\u00e1r 1-j\u00e9n (p\u00e9nteken) nulla \u00f3rakor kezd\u0151dik \u00e9s 2019. m\u00e1rcius 29-\u00e9n (p\u00e9nteken), a nap huszonnegyedik \u00f3r\u00e1j\u00e1ban v\u00e9gz\u0151dik a csuka fog\u00e1s\u00e1nak fajlagos tilalmi ideje. Tekintettel arra, hogy a rendeletben r\u00f6gz\u00edtett fajlagos tilalom v\u00e9ge, azaz m\u00e1rcius 31. napja id\u00e9n h\u00e9tv\u00e9g\u00e9re esik, a korl\u00e1toz\u00e1s k\u00e9t nappal kor\u00e1bban \u00e9r v\u00e9get.<\/p>\n<p>A csuka szaporod\u00e1si ideje az \u00e9v t\u00e9l v\u00e9gi, kora tavaszi id\u0151szak\u00e1ra esik. Haz\u00e1nk halgazd\u00e1lkod\u00e1si v\u00edzter\u00fcletein \u2013 a mesters\u00e9ges\u00a0\u00e1llom\u00e1nyp\u00f3tl\u00e1son t\u00fal \u2013 a sikeres term\u00e9szetes szaporod\u00e1s lehet az alapja a k\u00f6vetkez\u0151 \u00e9vek eg\u00e9szs\u00e9ges csuka\u00e1llom\u00e1ny\u00e1nak, ez\u00e9rt indokolt ebben az id\u0151szakban e sz\u00e9p ragadoz\u00f3 hal v\u00e9delme.<\/p>\n<p>Fontos, hogy a hazai horg\u00e1szok \u00e9s hal\u00e1szok ne csak az esetleg megfogott csuk\u00e1k visszahelyez\u00e9s\u00e9vel v\u00e9dj\u00e9k a halakat, hanem k\u00edm\u00e9lj\u00e9k azokat a ter\u00fcleteket is, ahol a csuka szaporod\u00e1sa v\u00e1rhat\u00f3, ezeken az \u00e9l\u0151helyeken, partszakaszokon lehet\u0151leg ne horg\u00e1sszanak m\u00e1s ragadoz\u00f3 halakra sem!<\/p>\n<p>A N\u00e9bih felh\u00edvja az \u00e9rintettek figyelm\u00e9t, hogy a halgazd\u00e1lkod\u00e1sr\u00f3l \u00e9s a hal v\u00e9delm\u00e9r\u0151l sz\u00f3l\u00f3 2013. \u00e9vi CII. t\u00f6rv\u00e9ny 2.\u00a7 6) pontja szerint a hal kifog\u00e1s\u00e1nak min\u0151s\u00fcl a halnak \u00e9s m\u00e1s hasznos v\u00edzi\u00e1llatnak a hal\u00e1szat vagy a horg\u00e1szat sor\u00e1n t\u00f6rt\u00e9n\u0151 megfog\u00e1sa \u00e9s a v\u00edzbe vissza nem enged\u00e9se (elvitele). Vagyis a tilalom ezen tev\u00e9kenys\u00e9gek mindegyik\u00e9re vonatkozik.<\/p>\n","protected":false},"excerpt":{"rendered":"<p>2019. janu\u00e1r 31. A Nemzeti \u00c9lelmiszerl\u00e1nc-biztons\u00e1gi Hivatal (N\u00e9bih) felh\u00edvja a horg\u00e1szok \u00e9s a hal\u00e1szok figyelm\u00e9t, hogy \u2013 a hat\u00e1lyos jogszab\u00e1lyok \u00e9rtelm\u00e9ben \u2013 2019. febru\u00e1r 1-j\u00e9n nulla \u00f3r\u00e1t\u00f3l tilos a csuka kifog\u00e1sa \u00e9s elvitele Magyarorsz\u00e1g halgazd\u00e1lkod\u00e1si v\u00edzter\u00fcletein. A fajlagos tilalom m\u00e1rcius &hellip; <a href=\"https:\/\/tiszalucihorgasz.hu\/index.php\/2019\/02\/06\/februar-1-jen-elkezdodik-a-csuka-fogasanak-fajlagos-tilalmi-ideje\/\">Egy kattint\u00e1s ide a folytat\u00e1shoz&#8230;. <span class=\"meta-nav\">&rarr;<\/span><\/a><\/p>\n","protected":false},"author":1,"featured_media":0,"comment_status":"closed","ping_status":"closed","sticky":false,"template":"","format":"standard","meta":{"footnotes":""},"categories":[1],"tags":[],"class_list":["post-1023","post","type-post","status-publish","format-standard","hentry","category-fooldal"],"_links":{"self":[{"href":"https:\/\/tiszalucihorgasz.hu\/index.php\/wp-json\/wp\/v2\/posts\/1023","targetHints":{"allow":["GET"]}}],"collection":[{"href":"https:\/\/tiszalucihorgasz.hu\/index.php\/wp-json\/wp\/v2\/posts"}],"about":[{"href":"https:\/\/tiszalucihorgasz.hu\/index.php\/wp-json\/wp\/v2\/types\/post"}],"author":[{"embeddable":true,"href":"https:\/\/tiszalucihorgasz.hu\/index.php\/wp-json\/wp\/v2\/users\/1"}],"replies":[{"embeddable":true,"href":"https:\/\/tiszalucihorgasz.hu\/index.php\/wp-json\/wp\/v2\/comments?post=1023"}],"version-history":[{"count":1,"href":"https:\/\/tiszalucihorgasz.hu\/index.php\/wp-json\/wp\/v2\/posts\/1023\/revisions"}],"predecessor-version":[{"id":1024,"href":"https:\/\/tiszalucihorgasz.hu\/index.php\/wp-json\/wp\/v2\/posts\/1023\/revisions\/1024"}],"wp:attachment":[{"href":"https:\/\/tiszalucihorgasz.hu\/index.php\/wp-json\/wp\/v2\/media?parent=1023"}],"wp:term":[{"taxonomy":"category","embeddable":true,"href":"https:\/\/tiszalucihorgasz.hu\/index.php\/wp-json\/wp\/v2\/categories?post=1023"},{"taxonomy":"post_tag","embeddable":true,"href":"https:\/\/tiszalucihorgasz.hu\/index.php\/wp-json\/wp\/v2\/tags?post=1023"}],"curies":[{"name":"wp","href":"https:\/\/api.w.org\/{rel}","templated":true}]}}