{"id":1020,"date":"2019-01-29T15:12:04","date_gmt":"2019-01-29T14:12:04","guid":{"rendered":"https:\/\/tiszalucihorgasz.hu\/?p=1020"},"modified":"2019-01-29T15:12:04","modified_gmt":"2019-01-29T14:12:04","slug":"fogasi-naplok-leadasa-2019","status":"publish","type":"post","link":"https:\/\/tiszalucihorgasz.hu\/index.php\/2019\/01\/29\/fogasi-naplok-leadasa-2019\/","title":{"rendered":"FOG\u00c1SI NAPL\u00d3K LEAD\u00c1SA 2019"},"content":{"rendered":"<p>FOG\u00c1SI NAPL\u00d3K LEAD\u00c1SA 2019<\/p>\n<p>Tisztelt Horg\u00e1szok!<\/p>\n<p>A fog\u00e1si napl\u00f3k lead\u00e1si hat\u00e1rideje: 2019.02.28.<br \/>\nA napl\u00f3k lead\u00e1sa t\u00f6rt\u00e9nhet:<\/p>\n<p>x szem\u00e9lyesen egyes\u00fcleti irod\u00e1ban<br \/>\nx postai lev\u00e9lben egyes\u00fcleti irod\u00e1nak feladva<\/p>\n<p>A leadott, bek\u00fcld\u00f6tt napl\u00f3k r\u00f6gz\u00edt\u00e9sre ker\u00fclnek a HORINFO rendszerben. Eddig csak azoknak tudtuk r\u00f6gz\u00edteni, akik a rendszerben m\u00e1r regisztr\u00e1l\u00e1sra ker\u00fcltek, \u00e1m a MOHOSZ 2019.janu\u00e1r 25-\u00e9n k\u00fcld\u00f6tt a &#8222;HORINFO rendszer m\u00f3dos\u00edt\u00e1sok II.&#8221; c\u00edm\u0171 level\u00e9ben foglaltak alapj\u00e1n m\u00e1r azoknak is r\u00f6gz\u00edteni tudjuk a napl\u00f3 lead\u00e1s\u00e1nak \u00e9s \u00f6sszes\u00edt\u00e9s\u00e9nek \u00e1llapot\u00e1t, akik neve m\u00e9g nem szerepel a rendszerben, kv\u00e1zi nem regisztr\u00e1lt m\u00e9g, nem ig\u00e9nyelt m\u00e9g k\u00e1rty\u00e1t.<\/p>\n<p>Fontos ism\u00e9teln\u00fcnk azt, hogy 2019 \u00e9vre \u00c1llami jegyet azoknak tudunk kiadni, akik a HORINFO rendszerben \u00c9L\u0150 regisztr\u00e1ci\u00f3val rendelkeznek, teh\u00e1t ha a regisztr\u00e1ci\u00f3 hi\u00e1ny\u00e1ban a Fog\u00e1si Napl\u00f3t r\u00f6gz\u00edteni is tudtuk, ett\u0151l m\u00e9g \u00c1llami Horg\u00e1szjegyet nem tudunk ki\u00e1ll\u00edtani!<br \/>\nRegisztr\u00e1lni irod\u00e1nkban szem\u00e9lyesen, vagy Online a www.horgaszjegy.hu oldalon tudnak!<\/p>\n<p>A be\u00e9rkezett fog\u00e1si napl\u00f3kat folyamatosan t\u00f6ltj\u00fck fel a rendszerbe, k\u00e9rj\u00fck, hogy ne hagyj\u00e1k az utols\u00f3 napokra a lead\u00e1st, \u00edgy az irod\u00e1nknak is k\u00f6nnyebb azok folyamatos feldolgoz\u00e1sa.<\/p>\n<p>K\u00e9rj\u00fck, ha egy m\u00f3d van r\u00e1 ink\u00e1bb szem\u00e9lyesen adj\u00e1k le napl\u00f3ikat, ugyanis akkor m\u00e9g fel tudjuk h\u00edvni a figyelmet az \u00f6sszes\u00edt\u00e9s hi\u00e1ny\u00e1ra \u00e9s p\u00f3tl\u00e1s\u00e1ra, de ha post\u00e1n vagy l\u00e1d\u00e1ba helyezve teszik meg ezt, akkor a nem \u00f6sszes\u00edtett napl\u00f3k lead\u00e1sa miatt az \u00c1llami jegy 2019-ben is br. 2000,- Ft-tal t\u00f6bbe fognak ker\u00fclni!<\/p>\n","protected":false},"excerpt":{"rendered":"<p>FOG\u00c1SI NAPL\u00d3K LEAD\u00c1SA 2019 Tisztelt Horg\u00e1szok! A fog\u00e1si napl\u00f3k lead\u00e1si hat\u00e1rideje: 2019.02.28. A napl\u00f3k lead\u00e1sa t\u00f6rt\u00e9nhet: x szem\u00e9lyesen egyes\u00fcleti irod\u00e1ban x postai lev\u00e9lben egyes\u00fcleti irod\u00e1nak feladva A leadott, bek\u00fcld\u00f6tt napl\u00f3k r\u00f6gz\u00edt\u00e9sre ker\u00fclnek a HORINFO rendszerben. Eddig csak azoknak tudtuk r\u00f6gz\u00edteni, &hellip; <a href=\"https:\/\/tiszalucihorgasz.hu\/index.php\/2019\/01\/29\/fogasi-naplok-leadasa-2019\/\">Egy kattint\u00e1s ide a folytat\u00e1shoz&#8230;. <span class=\"meta-nav\">&rarr;<\/span><\/a><\/p>\n","protected":false},"author":1,"featured_media":0,"comment_status":"closed","ping_status":"closed","sticky":false,"template":"","format":"standard","meta":{"footnotes":""},"categories":[1],"tags":[],"class_list":["post-1020","post","type-post","status-publish","format-standard","hentry","category-fooldal"],"_links":{"self":[{"href":"https:\/\/tiszalucihorgasz.hu\/index.php\/wp-json\/wp\/v2\/posts\/1020","targetHints":{"allow":["GET"]}}],"collection":[{"href":"https:\/\/tiszalucihorgasz.hu\/index.php\/wp-json\/wp\/v2\/posts"}],"about":[{"href":"https:\/\/tiszalucihorgasz.hu\/index.php\/wp-json\/wp\/v2\/types\/post"}],"author":[{"embeddable":true,"href":"https:\/\/tiszalucihorgasz.hu\/index.php\/wp-json\/wp\/v2\/users\/1"}],"replies":[{"embeddable":true,"href":"https:\/\/tiszalucihorgasz.hu\/index.php\/wp-json\/wp\/v2\/comments?post=1020"}],"version-history":[{"count":1,"href":"https:\/\/tiszalucihorgasz.hu\/index.php\/wp-json\/wp\/v2\/posts\/1020\/revisions"}],"predecessor-version":[{"id":1021,"href":"https:\/\/tiszalucihorgasz.hu\/index.php\/wp-json\/wp\/v2\/posts\/1020\/revisions\/1021"}],"wp:attachment":[{"href":"https:\/\/tiszalucihorgasz.hu\/index.php\/wp-json\/wp\/v2\/media?parent=1020"}],"wp:term":[{"taxonomy":"category","embeddable":true,"href":"https:\/\/tiszalucihorgasz.hu\/index.php\/wp-json\/wp\/v2\/categories?post=1020"},{"taxonomy":"post_tag","embeddable":true,"href":"https:\/\/tiszalucihorgasz.hu\/index.php\/wp-json\/wp\/v2\/tags?post=1020"}],"curies":[{"name":"wp","href":"https:\/\/api.w.org\/{rel}","templated":true}]}}